{"id":1167,"date":"2026-04-08T12:19:13","date_gmt":"2026-04-08T04:19:13","guid":{"rendered":"https:\/\/flavorfiesta.foodiesconnect.net\/pt\/future-outlook-pest-analysis-ai-green-economy\/"},"modified":"2026-04-08T12:19:13","modified_gmt":"2026-04-08T04:19:13","slug":"future-outlook-pest-analysis-ai-green-economy","status":"publish","type":"post","link":"https:\/\/flavorfiesta.foodiesconnect.net\/pt\/future-outlook-pest-analysis-ai-green-economy\/","title":{"rendered":"Perspectivas Futuras da An\u00e1lise PEST: Adaptando Este Modelo Cl\u00e1ssico para a Era da Intelig\u00eancia Artificial e da Economia Verde"},"content":{"rendered":"<p>O cen\u00e1rio empresarial est\u00e1 mudando sob nossos p\u00e9s. O que funcionava h\u00e1 uma d\u00e9cada j\u00e1 n\u00e3o garante sucesso hoje em dia. Para planejadores estrat\u00e9gicos, a an\u00e1lise PEST sempre serviu como base para compreender o ambiente externo. No entanto, o r\u00e1pido avan\u00e7o da Intelig\u00eancia Artificial e a transi\u00e7\u00e3o urgente rumo a uma Economia Verde exigem uma reinven\u00e7\u00e3o dessa ferramenta cl\u00e1ssica. Este guia explora como adaptar a PEST \u00e0s complexidades modernas, garantindo que as organiza\u00e7\u00f5es permane\u00e7am resilientes e com vis\u00e3o de futuro.<\/p>\n<p>Modelos tradicionais costumam tratar os fatores como est\u00e1ticos. Na realidade, as fronteiras pol\u00edticas se dissolvem com os fluxos de dados digitais, e os indicadores econ\u00f4micos agora incluem cr\u00e9ditos de carbono. Ao integrar essas for\u00e7as emergentes, os l\u00edderes podem navegar pela incerteza com maior clareza.<\/p>\n<figure class=\"wp-block-image aligncenter\"><img alt=\"Hand-drawn whiteboard infographic illustrating the modernized PEST analysis framework adapted for the AI and Green Economy era, featuring four color-coded quadrants: Political (blue) with AI regulation and carbon policies, Economic (green) with automation and green finance, Social (orange) with ethics and conscious consumption, and Technological (purple) with generative AI and renewable tech; includes evolution timeline from traditional to modern PEST, implementation flowchart with cross-functional teams and scenario planning, comparison table of traditional vs. modern focus areas, and future trends like quantum computing and bio-economy, designed for strategic planners and business leaders seeking agile macro-environmental analysis\" decoding=\"async\" src=\"https:\/\/flavorfiesta.foodiesconnect.net\/wp-content\/uploads\/2026\/04\/pest-analysis-ai-green-economy-whiteboard-infographic.jpg\"\/><\/figure>\n<h2>Compreendendo a Evolu\u00e7\u00e3o do Modelo PEST \ud83d\udd04<\/h2>\n<p>Originalmente desenvolvido na d\u00e9cada de 1960, o modelo PEST analisa<strong>Pol\u00edticos, Econ\u00f4micos, Sociais e Tecnol\u00f3gicos<\/strong> fatores. Com o tempo, evoluiu para PESTLE (adicionando Legal e Ambiental) e STEEPLE (adicionando \u00c9tico). No entanto, o n\u00facleo permanece o mesmo: escanear o horizonte em busca de riscos e oportunidades.<\/p>\n<p>Adaptar este modelo exige mais do que acrescentar siglas. Exige uma mudan\u00e7a fundamental na forma como percebemos o impacto. Eis por que a vers\u00e3o cl\u00e1ssica precisa de uma atualiza\u00e7\u00e3o:<\/p>\n<ul>\n<li><strong>Velocidade da Mudan\u00e7a:<\/strong> A an\u00e1lise tradicional ocorria frequentemente anualmente. A IA transforma os mercados em meses.<\/li>\n<li><strong>Interconectividade:<\/strong> Uma decis\u00e3o pol\u00edtica em uma regi\u00e3o afeta cadeias de suprimentos globalmente devido \u00e0 integra\u00e7\u00e3o digital.<\/li>\n<li><strong>Intang\u00edveis:<\/strong> As pegadas de carbono e a privacidade de dados s\u00e3o agora t\u00e3o cr\u00edticas quanto as al\u00edquotas fiscais.<\/li>\n<\/ul>\n<p>As organiza\u00e7\u00f5es devem tratar a PEST n\u00e3o como uma tarefa pontual, mas como uma verifica\u00e7\u00e3o cont\u00ednua do ambiente macroecon\u00f4mico.<\/p>\n<h2>Fatores Pol\u00edticos: A Era da Soberania Digital e da Pol\u00edtica Clim\u00e1tica \ud83c\udfdb\ufe0f<\/h2>\n<p>Os fatores pol\u00edticos tradicionalmente abrangiam a estabilidade governamental, a pol\u00edtica fiscal e restri\u00e7\u00f5es comerciais. Hoje, a defini\u00e7\u00e3o de &#8216;poder estatal&#8217; inclui a soberania digital e os compromissos ambientais.<\/p>\n<h3>1. Regula\u00e7\u00e3o da Intelig\u00eancia Artificial<\/h3>\n<p>Governos est\u00e3o agindo rapidamente para regulamentar a IA. O Ato de IA da Uni\u00e3o Europeia \u00e9 um exemplo claro de como a vontade pol\u00edtica molda a implanta\u00e7\u00e3o tecnol\u00f3gica. As empresas devem monitorar:<\/p>\n<ul>\n<li><strong>Custos de Conformidade:<\/strong>Sistemas de IA de alto risco exigem auditorias e relat\u00f3rios de transpar\u00eancia.<\/li>\n<li><strong>Soberania de Dados:<\/strong>Leis que determinam onde os dados podem ser armazenados (por exemplo, GDPR, leis chinesas de dados).<\/li>\n<li><strong>Controles de Exporta\u00e7\u00e3o:<\/strong>Restri\u00e7\u00f5es sobre vendas de semicondutores de alta tecnologia para certos pa\u00edses.<\/li>\n<\/ul>\n<h3>2. Legisla\u00e7\u00e3o da Economia Verde<\/h3>\n<p>Mudan\u00e7as clim\u00e1ticas j\u00e1 n\u00e3o s\u00e3o apenas uma preocupa\u00e7\u00e3o cient\u00edfica; s\u00e3o uma quest\u00e3o legislativa. Mecanismos de precifica\u00e7\u00e3o de carbono est\u00e3o se expandindo globalmente.<\/p>\n<ul>\n<li><strong>Impostos sobre Carbono:<\/strong>Custos diretos sobre emiss\u00f5es afetam os or\u00e7amentos operacionais.<\/li>\n<li><strong>Subs\u00eddios:<\/strong> Os governos oferecem incentivos para a ado\u00e7\u00e3o de energias renov\u00e1veis e pr\u00e1ticas sustent\u00e1veis.<\/li>\n<li><strong>Relat\u00f3rios Obrigat\u00f3rios:<\/strong> O relat\u00f3rio ESG (Ambiental, Social e de Governan\u00e7a) est\u00e1 se tornando legalmente obrigat\u00f3rio em muitas jurisdi\u00e7\u00f5es.<\/li>\n<\/ul>\n<p>Os planejadores estrat\u00e9gicos agora precisam ver o risco pol\u00edtico n\u00e3o apenas como mudan\u00e7as de pol\u00edtica, mas como obst\u00e1culos de conformidade regulat\u00f3ria que podem fazer ou desfazer um lan\u00e7amento de produto.<\/p>\n<h2>Fatores Econ\u00f4micos: Automa\u00e7\u00e3o, Desigualdade e Finan\u00e7as Verdes \ud83d\udcb0<\/h2>\n<p>A an\u00e1lise econ\u00f4mica foi al\u00e9m do crescimento do PIB e das taxas de infla\u00e7\u00e3o. A nova realidade econ\u00f4mica \u00e9 definida por como a tecnologia altera o trabalho e como a sustentabilidade altera o capital.<\/p>\n<h3>1. Disrup\u00e7\u00e3o no Mercado de Trabalho<\/h3>\n<p>A automa\u00e7\u00e3o por IA est\u00e1 reconfigurando a for\u00e7a de trabalho. Isso afeta fatores econ\u00f4micos de v\u00e1rias maneiras:<\/p>\n<ul>\n<li><strong>Polariza\u00e7\u00e3o Salarial:<\/strong>Cargos de alta habilidade em IA exigem sal\u00e1rios premium, enquanto tarefas rotineiras enfrentam press\u00e3o de automa\u00e7\u00e3o.<\/li>\n<li><strong>Ganhos de Produtividade:<\/strong>Empresas que adotam IA veem picos de efici\u00eancia, alterando vantagens competitivas.<\/li>\n<li><strong>Custos de Requalifica\u00e7\u00e3o:<\/strong>O investimento em capital humano torna-se uma linha econ\u00f4mica principal.<\/li>\n<\/ul>\n<h3>2. O Aumento das Finan\u00e7as Verdes<\/h3>\n<p>A aloca\u00e7\u00e3o de capital est\u00e1 se deslocando em dire\u00e7\u00e3o \u00e0 sustentabilidade. Investidores exigem cada vez mais evid\u00eancias de responsabilidade ambiental.<\/p>\n<ul>\n<li><strong>Acesso ao Capital:<\/strong>Os &#8220;b\u00f4nus verdes&#8221; oferecem taxas de juros mais baixas para projetos sustent\u00e1veis.<\/li>\n<li><strong>Custos de Seguros:<\/strong>O risco clim\u00e1tico afeta os pr\u00eamios de seguros para ativos f\u00edsicos.<\/li>\n<li><strong>Economia da Cadeia de Suprimentos:<\/strong>Localizar cadeias de suprimentos para reduzir as pegadas de carbono altera os custos log\u00edsticos.<\/li>\n<\/ul>\n<p>O planejamento econ\u00f4mico agora deve levar em conta o custo da ina\u00e7\u00e3o sobre o clima e os ganhos de efici\u00eancia com a integra\u00e7\u00e3o da IA.<\/p>\n<h2>Fatores Sociais: \u00c9tica, Trabalho Remoto e Consumo Consciente \ud83c\udf0d<\/h2>\n<p>Tend\u00eancias sociais sempre fizeram parte do PEST, mas a natureza da press\u00e3o social mudou. Consumidores e funcion\u00e1rios agora exigem alinhamento \u00e9tico das organiza\u00e7\u00f5es que apoiam.<\/p>\n<h3>1. O Debate sobre \u00c9tica da IA<\/h3>\n<p>A confian\u00e7a p\u00fablica na tecnologia \u00e9 fr\u00e1gil. A aceita\u00e7\u00e3o social da IA depende de transpar\u00eancia e justi\u00e7a.<\/p>\n<ul>\n<li><strong>Vi\u00e9s Algor\u00edtmico:<\/strong>Pode ocorrer rea\u00e7\u00e3o p\u00fablica se ferramentas de IA discriminarem em contrata\u00e7\u00f5es ou empr\u00e9stimos.<\/li>\n<li><strong>Seguran\u00e7a no Emprego:<\/strong> O medo de deslocamento afeta a confian\u00e7a e o moral dos consumidores.<\/li>\n<li><strong>Toque Humano:<\/strong> Uma contracorrente valoriza a intera\u00e7\u00e3o humana em vez da efici\u00eancia automatizada.<\/li>\n<\/ul>\n<h3>2. Sustentabilidade como uma licen\u00e7a social<\/h3>\n<p>Os consumidores votam com suas carteiras. A Economia Verde \u00e9 impulsionada pela demanda social.<\/p>\n<ul>\n<li><strong>Consci\u00eancia Ecol\u00f3gica:<\/strong>Prefer\u00eancia por produtos com embalagem m\u00ednima ou envio neutro em carbono.<\/li>\n<li><strong>Expectativas da For\u00e7a de Trabalho:<\/strong>Talentos procuram empregadores com objetivos ambientais e sociais s\u00f3lidos.<\/li>\n<li><strong>Impacto na Comunidade:<\/strong>Comunidades locais exigem que as empresas contribuam para iniciativas verdes locais.<\/li>\n<\/ul>\n<p>Ignorar essas correntes sociais pode levar a danos \u00e0 marca que o desempenho financeiro n\u00e3o consegue reparar facilmente.<\/p>\n<h2>Fatores Tecnol\u00f3gicos: O Motor Duplo da IA e da Sustentabilidade \ud83d\ude80<\/h2>\n<p>A tecnologia j\u00e1 n\u00e3o \u00e9 apenas o &#8216;T&#8217; no PEST; ela \u00e9 o motor da mudan\u00e7a para os outros tr\u00eas fatores. A converg\u00eancia entre IA e Green Tech cria um cen\u00e1rio \u00fanico.<\/p>\n<h3>1. Capacidades de Intelig\u00eancia Artificial<\/h3>\n<p>O fator tecnol\u00f3gico agora se concentra na maturidade e acessibilidade das ferramentas de IA.<\/p>\n<ul>\n<li><strong>IA Gerativa:<\/strong>A cria\u00e7\u00e3o de conte\u00fado e o aux\u00edlio em programa\u00e7\u00e3o est\u00e3o se tornando recursos comuns.<\/li>\n<li><strong>An\u00e1lise Preditiva:<\/strong>Melhor previs\u00e3o para demanda e gest\u00e3o de riscos.<\/li>\n<li><strong>Infraestrutura:<\/strong>Computa\u00e7\u00e3o em nuvem e dispositivos de borda permitem o processamento de dados em tempo real.<\/li>\n<\/ul>\n<h3>2. Integra\u00e7\u00e3o de Tecnologia Verde<\/h3>\n<p>A tecnologia tamb\u00e9m \u00e9 a solu\u00e7\u00e3o para os desafios ambientais.<\/p>\n<ul>\n<li><strong>Armazenamento de Energia Renov\u00e1vel:<\/strong>Avan\u00e7os na tecnologia de baterias permitem energia verde 24 horas por dia.<\/li>\n<li><strong>Redes Inteligentes:<\/strong>A distribui\u00e7\u00e3o de energia impulsionada por IA reduz o desperd\u00edcio.<\/li>\n<li><strong>Ferramentas da Economia Circular:<\/strong>Plataformas que rastreiam os ciclos de vida dos produtos para reciclagem e reutiliza\u00e7\u00e3o.<\/li>\n<\/ul>\n<p>As organiza\u00e7\u00f5es precisam avaliar n\u00e3o apenas sua pr\u00f3pria pilha de tecnologia, mas tamb\u00e9m a maturidade tecnol\u00f3gica de seus fornecedores e parceiros.<\/p>\n<h2>Comparando An\u00e1lise PEST Tradicional vs. Moderna \ud83d\udcca<\/h2>\n<p>Para visualizar a mudan\u00e7a, considere como a \u00eanfase de cada categoria muda ao adaptar-se \u00e0 Economia de IA e Verde.<\/p>\n<table>\n<thead>\n<tr>\n<th>Categoria<\/th>\n<th>Foco Tradicional<\/th>\n<th>Foco Adaptado Moderno<\/th>\n<\/tr>\n<\/thead>\n<tbody>\n<tr>\n<td>Pol\u00edtico<\/td>\n<td>Taxas de impostos, tarifas comerciais, estabilidade<\/td>\n<td>Leis de privacidade de dados, regulamenta\u00e7\u00e3o de IA, impostos sobre carbono<\/td>\n<\/tr>\n<tr>\n<td>Econ\u00f4mico<\/td>\n<td>PIB, infla\u00e7\u00e3o, taxas de juros<\/td>\n<td>Investimento verde, custos de automa\u00e7\u00e3o, economia de gig<\/td>\n<\/tr>\n<tr>\n<td>Social<\/td>\n<td>Demografia, cultura, estilo de vida<\/td>\n<td>\u00c9tica digital, conscientiza\u00e7\u00e3o sustent\u00e1vel, trabalho remoto<\/td>\n<\/tr>\n<tr>\n<td>Tecnol\u00f3gico<\/td>\n<td>Hardware, P&amp;D, infraestrutura<\/td>\n<td>Ado\u00e7\u00e3o de IA, ciberseguran\u00e7a, tecnologia renov\u00e1vel<\/td>\n<\/tr>\n<\/tbody>\n<\/table>\n<p>Esta tabela destaca que as vari\u00e1veis permanecem semelhantes, mas os pontos de dados espec\u00edficos mudaram significativamente.<\/p>\n<h2>Desafios na An\u00e1lise PEST Moderna \u26a0\ufe0f<\/h2>\n<p>Adaptar o quadro n\u00e3o est\u00e1 isento de dificuldades. V\u00e1rios obst\u00e1culos separam um estrategista de uma vis\u00e3o clara do futuro.<\/p>\n<ul>\n<li><strong>Sobrecarga de dados:<\/strong>Com tanta informa\u00e7\u00e3o sobre IA e tend\u00eancias clim\u00e1ticas, filtrar o sinal do ru\u00eddo \u00e9 dif\u00edcil.<\/li>\n<li><strong>Obsolesc\u00eancia R\u00e1pida:<\/strong> Insights coletados hoje podem estar desatualizados em seis meses devido \u00e0 velocidade da tecnologia.<\/li>\n<li><strong>Conhecimento Interdisciplinar:<\/strong> As equipes precisam de especialistas em tecnologia e sustentabilidade, e n\u00e3o apenas em gest\u00e3o geral.<\/li>\n<li><strong>Dificuldade de Medi\u00e7\u00e3o:<\/strong> Como voc\u00ea quantifica o \u201crisco social\u201d de um esc\u00e2ndalo de vi\u00e9s de IA?<\/li>\n<\/ul>\n<p>Superar esses desafios exige uma cultura de agilidade. Relat\u00f3rios est\u00e1ticos n\u00e3o funcionam. Pain\u00e9is din\u00e2micos e monitoramento cont\u00ednuo s\u00e3o necess\u00e1rios.<\/p>\n<h2>Implementando uma Estrat\u00e9gia PEST Adaptada \ud83d\udd27<\/h2>\n<p>Como as equipes passam da teoria para a pr\u00e1tica? Aqui est\u00e1 uma abordagem estruturada para integrar esses novos fatores na planejamento estrat\u00e9gico.<\/p>\n<h3>Passo 1: Re\u00fana equipes multifuncionais<\/h3>\n<p>N\u00e3o deixe apenas o departamento de estrat\u00e9gia lidar com isso. Inclua representantes de:<\/p>\n<ul>\n<li>TI e Seguran\u00e7a de Dados<\/li>\n<li>Sustentabilidade ou ESG<\/li>\n<li>Recursos Humanos<\/li>\n<li>Jur\u00eddico e Conformidade<\/li>\n<\/ul>\n<h3>Passo 2: Defina indicadores-chave<\/h3>\n<p>Selecione m\u00e9tricas espec\u00edficas para cada categoria PEST. Por exemplo:<\/p>\n<ul>\n<li><strong>Pol\u00edtico:<\/strong> N\u00famero de regulamenta\u00e7\u00f5es de IA pendentes nos mercados-alvo.<\/li>\n<li><strong>Econ\u00f4mico:<\/strong> Custo dos cr\u00e9ditos de carbono por tonelada.<\/li>\n<li><strong>Social:<\/strong> Notas de satisfa\u00e7\u00e3o dos funcion\u00e1rios sobre o trabalho remoto.<\/li>\n<li><strong>Tecnol\u00f3gico:<\/strong> Porcentagem da cadeia de suprimentos usando energia renov\u00e1vel.<\/li>\n<\/ul>\n<h3>Passo 3: Planejamento de Cen\u00e1rios<\/h3>\n<p>Use os dados PEST para construir cen\u00e1rios. O que acontece se a regulamenta\u00e7\u00e3o da IA se tornar mais r\u00edgida? E se os impostos sobre carbono dobrarem? Isso prepara a organiza\u00e7\u00e3o para m\u00faltiplos futuros, em vez de apostar em apenas um.<\/p>\n<h3>Passo 4: Monitoramento Cont\u00ednuo<\/h3>\n<p>Configure alertas para indicadores-chave. Revise a an\u00e1lise PEST trimestralmente, e n\u00e3o anualmente. O ambiente muda muito r\u00e1pido para revis\u00f5es anuais.<\/p>\n<h2>Protegendo Sua Organiza\u00e7\u00e3o para o Futuro \ud83d\udee1\ufe0f<\/h2>\n<p>O objetivo dessa adapta\u00e7\u00e3o \u00e9 resili\u00eancia. Ao compreender essas for\u00e7as externas, as empresas podem mudar de rumo antes que as crises cheguem. Aqui est\u00e3o \u00e1reas-chave para acompanhar nos pr\u00f3ximos anos.<\/p>\n<ul>\n<li><strong>Computa\u00e7\u00e3o Qu\u00e2ntica:<\/strong> Ir\u00e1 perturbar os modelos atuais de criptografia e seguran\u00e7a de dados.<\/li>\n<li><strong>Bioeconomia:<\/strong> Fus\u00e3o de biologia e tecnologia para materiais sustent\u00e1veis.<\/li>\n<li><strong>Metaverso e Irm\u00e3os Digitais:<\/strong> Novos espa\u00e7os econ\u00f4micos que exigem novos marcos legais e sociais.<\/li>\n<li><strong>Escassez de \u00e1gua:<\/strong> Um risco econ\u00f4mico e social cr\u00edtico que afeta as cadeias de suprimentos.<\/li>\n<\/ul>\n<p> L\u00edderes que ignoram esses sinais correm o risco de se tornarem irrelevantes. Aqueles que os integram \u00e0 sua estrat\u00e9gia central ganham uma vantagem competitiva.<\/p>\n<h2>Pensamentos Finais sobre Agilidade Estrat\u00e9gica \ud83d\udca1<\/h2>\n<p>A an\u00e1lise PEST continua sendo uma ferramenta vital, mas sua aplica\u00e7\u00e3o deve evoluir. A combina\u00e7\u00e3o de Intelig\u00eancia Artificial e Economia Verde cria um sistema de press\u00e3o dupla que as organiza\u00e7\u00f5es devem navegar com cuidado. Decis\u00f5es pol\u00edticas afetam agora o c\u00f3digo, e decis\u00f5es econ\u00f4micas afetam o planeta.<\/p>\n<p>O sucesso reside na flexibilidade. Reside na capacidade de reconhecer que uma inova\u00e7\u00e3o tecnol\u00f3gica pode alterar normas sociais em uma noite, e que a pol\u00edtica ambiental pode reconfigurar a viabilidade econ\u00f4mica. Ao adotar uma vis\u00e3o modernizada do PEST, os l\u00edderes garantem que n\u00e3o est\u00e3o apenas reagindo \u00e0 mudan\u00e7a, mas antecipando-a.<\/p>\n<p>O futuro pertence aqueles que conseguem ler os sinais dos tempos e adaptar seus quadros de forma adequada. O modelo cl\u00e1ssico PEST fornece o esqueleto, mas a IA e a Economia Verde fornecem a carne e o sangue da estrat\u00e9gia moderna.<\/p>\n","protected":false},"excerpt":{"rendered":"<p>O cen\u00e1rio empresarial est\u00e1 mudando sob nossos p\u00e9s. O que funcionava h\u00e1 uma d\u00e9cada j\u00e1 n\u00e3o garante sucesso hoje em dia. Para planejadores estrat\u00e9gicos, a an\u00e1lise PEST sempre serviu como base para compreender o ambiente externo. No entanto, o r\u00e1pido avan\u00e7o da Intelig\u00eancia Artificial e a transi\u00e7\u00e3o urgente rumo a uma Economia Verde exigem uma [&hellip;]<\/p>\n","protected":false},"author":1,"featured_media":1168,"comment_status":"open","ping_status":"open","sticky":false,"template":"","format":"standard","meta":{"footnotes":""},"categories":[43],"tags":[47,50],"class_list":["post-1167","post","type-post","status-publish","format-standard","has-post-thumbnail","hentry","category-strategic-analysis","tag-academic","tag-pest-analysis"],"yoast_head":"<!-- This site is optimized with the Yoast SEO plugin v23.9 - https:\/\/yoast.com\/wordpress\/plugins\/seo\/ -->\n<title>Future of PEST Analysis: AI &amp; Green Economy Adaptation Guide<\/title>\n<meta name=\"description\" content=\"Discover how to adapt the PEST Analysis framework for the AI and Green Economy. Strategic insights for Political, Economic, Social, and Technological factors.\" \/>\n<meta name=\"robots\" content=\"index, follow, max-snippet:-1, max-image-preview:large, max-video-preview:-1\" \/>\n<link rel=\"canonical\" href=\"https:\/\/flavorfiesta.foodiesconnect.net\/pt\/future-outlook-pest-analysis-ai-green-economy\/\" \/>\n<meta property=\"og:locale\" content=\"pt_PT\" \/>\n<meta property=\"og:type\" content=\"article\" \/>\n<meta property=\"og:title\" content=\"Future of PEST Analysis: AI &amp; Green Economy Adaptation Guide\" \/>\n<meta property=\"og:description\" content=\"Discover how to adapt the PEST Analysis framework for the AI and Green Economy. Strategic insights for Political, Economic, Social, and Technological factors.\" \/>\n<meta property=\"og:url\" content=\"https:\/\/flavorfiesta.foodiesconnect.net\/pt\/future-outlook-pest-analysis-ai-green-economy\/\" \/>\n<meta property=\"og:site_name\" content=\"Flavor Fiesta Portuguese\" \/>\n<meta property=\"article:published_time\" content=\"2026-04-08T04:19:13+00:00\" \/>\n<meta property=\"og:image\" content=\"https:\/\/flavorfiesta.foodiesconnect.net\/pt\/wp-content\/uploads\/sites\/8\/2026\/04\/pest-analysis-ai-green-economy-whiteboard-infographic.jpg\" \/>\n\t<meta property=\"og:image:width\" content=\"1664\" \/>\n\t<meta property=\"og:image:height\" content=\"928\" \/>\n\t<meta property=\"og:image:type\" content=\"image\/jpeg\" \/>\n<meta name=\"author\" content=\"vpadmin\" \/>\n<meta name=\"twitter:card\" content=\"summary_large_image\" \/>\n<meta name=\"twitter:label1\" content=\"Escrito por\" \/>\n\t<meta name=\"twitter:data1\" content=\"vpadmin\" \/>\n\t<meta name=\"twitter:label2\" content=\"Tempo estimado de leitura\" \/>\n\t<meta name=\"twitter:data2\" content=\"10 minutos\" \/>\n<script type=\"application\/ld+json\" class=\"yoast-schema-graph\">{\"@context\":\"https:\/\/schema.org\",\"@graph\":[{\"@type\":\"WebPage\",\"@id\":\"https:\/\/flavorfiesta.foodiesconnect.net\/pt\/future-outlook-pest-analysis-ai-green-economy\/\",\"url\":\"https:\/\/flavorfiesta.foodiesconnect.net\/pt\/future-outlook-pest-analysis-ai-green-economy\/\",\"name\":\"Future of PEST Analysis: AI & Green Economy Adaptation Guide\",\"isPartOf\":{\"@id\":\"https:\/\/flavorfiesta.foodiesconnect.net\/pt\/#website\"},\"primaryImageOfPage\":{\"@id\":\"https:\/\/flavorfiesta.foodiesconnect.net\/pt\/future-outlook-pest-analysis-ai-green-economy\/#primaryimage\"},\"image\":{\"@id\":\"https:\/\/flavorfiesta.foodiesconnect.net\/pt\/future-outlook-pest-analysis-ai-green-economy\/#primaryimage\"},\"thumbnailUrl\":\"https:\/\/flavorfiesta.foodiesconnect.net\/pt\/wp-content\/uploads\/sites\/8\/2026\/04\/pest-analysis-ai-green-economy-whiteboard-infographic.jpg\",\"datePublished\":\"2026-04-08T04:19:13+00:00\",\"dateModified\":\"2026-04-08T04:19:13+00:00\",\"author\":{\"@id\":\"https:\/\/flavorfiesta.foodiesconnect.net\/pt\/#\/schema\/person\/115de9af898ec25f93dc45a9ee0e06cc\"},\"description\":\"Discover how to adapt the PEST Analysis framework for the AI and Green Economy. Strategic insights for Political, Economic, Social, and Technological factors.\",\"breadcrumb\":{\"@id\":\"https:\/\/flavorfiesta.foodiesconnect.net\/pt\/future-outlook-pest-analysis-ai-green-economy\/#breadcrumb\"},\"inLanguage\":\"pt-PT\",\"potentialAction\":[{\"@type\":\"ReadAction\",\"target\":[\"https:\/\/flavorfiesta.foodiesconnect.net\/pt\/future-outlook-pest-analysis-ai-green-economy\/\"]}]},{\"@type\":\"ImageObject\",\"inLanguage\":\"pt-PT\",\"@id\":\"https:\/\/flavorfiesta.foodiesconnect.net\/pt\/future-outlook-pest-analysis-ai-green-economy\/#primaryimage\",\"url\":\"https:\/\/flavorfiesta.foodiesconnect.net\/pt\/wp-content\/uploads\/sites\/8\/2026\/04\/pest-analysis-ai-green-economy-whiteboard-infographic.jpg\",\"contentUrl\":\"https:\/\/flavorfiesta.foodiesconnect.net\/pt\/wp-content\/uploads\/sites\/8\/2026\/04\/pest-analysis-ai-green-economy-whiteboard-infographic.jpg\",\"width\":1664,\"height\":928},{\"@type\":\"BreadcrumbList\",\"@id\":\"https:\/\/flavorfiesta.foodiesconnect.net\/pt\/future-outlook-pest-analysis-ai-green-economy\/#breadcrumb\",\"itemListElement\":[{\"@type\":\"ListItem\",\"position\":1,\"name\":\"Home\",\"item\":\"https:\/\/flavorfiesta.foodiesconnect.net\/pt\/\"},{\"@type\":\"ListItem\",\"position\":2,\"name\":\"Perspectivas Futuras da An\u00e1lise PEST: Adaptando Este Modelo Cl\u00e1ssico para a Era da Intelig\u00eancia Artificial e da Economia Verde\"}]},{\"@type\":\"WebSite\",\"@id\":\"https:\/\/flavorfiesta.foodiesconnect.net\/pt\/#website\",\"url\":\"https:\/\/flavorfiesta.foodiesconnect.net\/pt\/\",\"name\":\"Flavor Fiesta Portuguese\",\"description\":\"\",\"potentialAction\":[{\"@type\":\"SearchAction\",\"target\":{\"@type\":\"EntryPoint\",\"urlTemplate\":\"https:\/\/flavorfiesta.foodiesconnect.net\/pt\/?s={search_term_string}\"},\"query-input\":{\"@type\":\"PropertyValueSpecification\",\"valueRequired\":true,\"valueName\":\"search_term_string\"}}],\"inLanguage\":\"pt-PT\"},{\"@type\":\"Person\",\"@id\":\"https:\/\/flavorfiesta.foodiesconnect.net\/pt\/#\/schema\/person\/115de9af898ec25f93dc45a9ee0e06cc\",\"name\":\"vpadmin\",\"image\":{\"@type\":\"ImageObject\",\"inLanguage\":\"pt-PT\",\"@id\":\"https:\/\/flavorfiesta.foodiesconnect.net\/pt\/#\/schema\/person\/image\/\",\"url\":\"https:\/\/secure.gravatar.com\/avatar\/d3e1f4f2887dcbb765e5e4bd729bd3f58094d176ef46f7273f338a031c58de6e?s=96&d=mm&r=g\",\"contentUrl\":\"https:\/\/secure.gravatar.com\/avatar\/d3e1f4f2887dcbb765e5e4bd729bd3f58094d176ef46f7273f338a031c58de6e?s=96&d=mm&r=g\",\"caption\":\"vpadmin\"},\"sameAs\":[\"https:\/\/flavorfiesta.foodiesconnect.net\"],\"url\":\"https:\/\/flavorfiesta.foodiesconnect.net\/pt\/author\/vpadmin\/\"}]}<\/script>\n<!-- \/ Yoast SEO plugin. -->","yoast_head_json":{"title":"Future of PEST Analysis: AI & Green Economy Adaptation Guide","description":"Discover how to adapt the PEST Analysis framework for the AI and Green Economy. Strategic insights for Political, Economic, Social, and Technological factors.","robots":{"index":"index","follow":"follow","max-snippet":"max-snippet:-1","max-image-preview":"max-image-preview:large","max-video-preview":"max-video-preview:-1"},"canonical":"https:\/\/flavorfiesta.foodiesconnect.net\/pt\/future-outlook-pest-analysis-ai-green-economy\/","og_locale":"pt_PT","og_type":"article","og_title":"Future of PEST Analysis: AI & Green Economy Adaptation Guide","og_description":"Discover how to adapt the PEST Analysis framework for the AI and Green Economy. Strategic insights for Political, Economic, Social, and Technological factors.","og_url":"https:\/\/flavorfiesta.foodiesconnect.net\/pt\/future-outlook-pest-analysis-ai-green-economy\/","og_site_name":"Flavor Fiesta Portuguese","article_published_time":"2026-04-08T04:19:13+00:00","og_image":[{"width":1664,"height":928,"url":"https:\/\/flavorfiesta.foodiesconnect.net\/pt\/wp-content\/uploads\/sites\/8\/2026\/04\/pest-analysis-ai-green-economy-whiteboard-infographic.jpg","type":"image\/jpeg"}],"author":"vpadmin","twitter_card":"summary_large_image","twitter_misc":{"Escrito por":"vpadmin","Tempo estimado de leitura":"10 minutos"},"schema":{"@context":"https:\/\/schema.org","@graph":[{"@type":"WebPage","@id":"https:\/\/flavorfiesta.foodiesconnect.net\/pt\/future-outlook-pest-analysis-ai-green-economy\/","url":"https:\/\/flavorfiesta.foodiesconnect.net\/pt\/future-outlook-pest-analysis-ai-green-economy\/","name":"Future of PEST Analysis: AI & Green Economy Adaptation Guide","isPartOf":{"@id":"https:\/\/flavorfiesta.foodiesconnect.net\/pt\/#website"},"primaryImageOfPage":{"@id":"https:\/\/flavorfiesta.foodiesconnect.net\/pt\/future-outlook-pest-analysis-ai-green-economy\/#primaryimage"},"image":{"@id":"https:\/\/flavorfiesta.foodiesconnect.net\/pt\/future-outlook-pest-analysis-ai-green-economy\/#primaryimage"},"thumbnailUrl":"https:\/\/flavorfiesta.foodiesconnect.net\/pt\/wp-content\/uploads\/sites\/8\/2026\/04\/pest-analysis-ai-green-economy-whiteboard-infographic.jpg","datePublished":"2026-04-08T04:19:13+00:00","dateModified":"2026-04-08T04:19:13+00:00","author":{"@id":"https:\/\/flavorfiesta.foodiesconnect.net\/pt\/#\/schema\/person\/115de9af898ec25f93dc45a9ee0e06cc"},"description":"Discover how to adapt the PEST Analysis framework for the AI and Green Economy. Strategic insights for Political, Economic, Social, and Technological factors.","breadcrumb":{"@id":"https:\/\/flavorfiesta.foodiesconnect.net\/pt\/future-outlook-pest-analysis-ai-green-economy\/#breadcrumb"},"inLanguage":"pt-PT","potentialAction":[{"@type":"ReadAction","target":["https:\/\/flavorfiesta.foodiesconnect.net\/pt\/future-outlook-pest-analysis-ai-green-economy\/"]}]},{"@type":"ImageObject","inLanguage":"pt-PT","@id":"https:\/\/flavorfiesta.foodiesconnect.net\/pt\/future-outlook-pest-analysis-ai-green-economy\/#primaryimage","url":"https:\/\/flavorfiesta.foodiesconnect.net\/pt\/wp-content\/uploads\/sites\/8\/2026\/04\/pest-analysis-ai-green-economy-whiteboard-infographic.jpg","contentUrl":"https:\/\/flavorfiesta.foodiesconnect.net\/pt\/wp-content\/uploads\/sites\/8\/2026\/04\/pest-analysis-ai-green-economy-whiteboard-infographic.jpg","width":1664,"height":928},{"@type":"BreadcrumbList","@id":"https:\/\/flavorfiesta.foodiesconnect.net\/pt\/future-outlook-pest-analysis-ai-green-economy\/#breadcrumb","itemListElement":[{"@type":"ListItem","position":1,"name":"Home","item":"https:\/\/flavorfiesta.foodiesconnect.net\/pt\/"},{"@type":"ListItem","position":2,"name":"Perspectivas Futuras da An\u00e1lise PEST: Adaptando Este Modelo Cl\u00e1ssico para a Era da Intelig\u00eancia Artificial e da Economia Verde"}]},{"@type":"WebSite","@id":"https:\/\/flavorfiesta.foodiesconnect.net\/pt\/#website","url":"https:\/\/flavorfiesta.foodiesconnect.net\/pt\/","name":"Flavor Fiesta Portuguese","description":"","potentialAction":[{"@type":"SearchAction","target":{"@type":"EntryPoint","urlTemplate":"https:\/\/flavorfiesta.foodiesconnect.net\/pt\/?s={search_term_string}"},"query-input":{"@type":"PropertyValueSpecification","valueRequired":true,"valueName":"search_term_string"}}],"inLanguage":"pt-PT"},{"@type":"Person","@id":"https:\/\/flavorfiesta.foodiesconnect.net\/pt\/#\/schema\/person\/115de9af898ec25f93dc45a9ee0e06cc","name":"vpadmin","image":{"@type":"ImageObject","inLanguage":"pt-PT","@id":"https:\/\/flavorfiesta.foodiesconnect.net\/pt\/#\/schema\/person\/image\/","url":"https:\/\/secure.gravatar.com\/avatar\/d3e1f4f2887dcbb765e5e4bd729bd3f58094d176ef46f7273f338a031c58de6e?s=96&d=mm&r=g","contentUrl":"https:\/\/secure.gravatar.com\/avatar\/d3e1f4f2887dcbb765e5e4bd729bd3f58094d176ef46f7273f338a031c58de6e?s=96&d=mm&r=g","caption":"vpadmin"},"sameAs":["https:\/\/flavorfiesta.foodiesconnect.net"],"url":"https:\/\/flavorfiesta.foodiesconnect.net\/pt\/author\/vpadmin\/"}]}},"_links":{"self":[{"href":"https:\/\/flavorfiesta.foodiesconnect.net\/pt\/wp-json\/wp\/v2\/posts\/1167","targetHints":{"allow":["GET"]}}],"collection":[{"href":"https:\/\/flavorfiesta.foodiesconnect.net\/pt\/wp-json\/wp\/v2\/posts"}],"about":[{"href":"https:\/\/flavorfiesta.foodiesconnect.net\/pt\/wp-json\/wp\/v2\/types\/post"}],"author":[{"embeddable":true,"href":"https:\/\/flavorfiesta.foodiesconnect.net\/pt\/wp-json\/wp\/v2\/users\/1"}],"replies":[{"embeddable":true,"href":"https:\/\/flavorfiesta.foodiesconnect.net\/pt\/wp-json\/wp\/v2\/comments?post=1167"}],"version-history":[{"count":0,"href":"https:\/\/flavorfiesta.foodiesconnect.net\/pt\/wp-json\/wp\/v2\/posts\/1167\/revisions"}],"wp:featuredmedia":[{"embeddable":true,"href":"https:\/\/flavorfiesta.foodiesconnect.net\/pt\/wp-json\/wp\/v2\/media\/1168"}],"wp:attachment":[{"href":"https:\/\/flavorfiesta.foodiesconnect.net\/pt\/wp-json\/wp\/v2\/media?parent=1167"}],"wp:term":[{"taxonomy":"category","embeddable":true,"href":"https:\/\/flavorfiesta.foodiesconnect.net\/pt\/wp-json\/wp\/v2\/categories?post=1167"},{"taxonomy":"post_tag","embeddable":true,"href":"https:\/\/flavorfiesta.foodiesconnect.net\/pt\/wp-json\/wp\/v2\/tags?post=1167"}],"curies":[{"name":"wp","href":"https:\/\/api.w.org\/{rel}","templated":true}]}}